{"id":1540,"date":"2019-04-02T13:17:46","date_gmt":"2019-04-02T13:17:46","guid":{"rendered":"https:\/\/www.aucoindesrues.com\/?p=54"},"modified":"2019-04-02T13:17:46","modified_gmt":"2019-04-02T13:17:46","slug":"partir-a-prague","status":"publish","type":"post","link":"https:\/\/www.jusseo.com\/articles\/partir-a-prague.html","title":{"rendered":"Partir a Prague"},"content":{"rendered":"<p class=\"entry-title\">\n<p><strong>Je peux enfin dire que j\u2019ai fait toutes les villes imp\u00e9riales<\/strong> : Budapest, Vienne et Prague. Des trois villes, Prague a \u00e9t\u00e9 celle que j\u2019ai le moins appr\u00e9ci\u00e9. Mon coup de c\u0153ur reste Budapest. Nous avions d\u00e9j\u00e0 visit\u00e9 donc Budapest et aussi Vienne, il nous manquait plus que Prague pour boucler la boucle imp\u00e9riale. Nous y voil\u00e0 donc pour un long week-end.<\/p>\n<p><img loading=\"lazy\" class=\"alignnone size-full wp-image-56\" src=\"https:\/\/www.jusseo.com\/articles\/wp-content\/uploads\/2019\/04\/Ville-de-prague1.jpg\" alt=\"\" width=\"960\" height=\"439\" srcset=\"https:\/\/www.jusseo.com\/articles\/wp-content\/uploads\/2019\/04\/Ville-de-prague1.jpg 960w, https:\/\/www.jusseo.com\/articles\/wp-content\/uploads\/2019\/04\/Ville-de-prague1-300x137.jpg 300w, https:\/\/www.jusseo.com\/articles\/wp-content\/uploads\/2019\/04\/Ville-de-prague1-768x351.jpg 768w, https:\/\/www.jusseo.com\/articles\/wp-content\/uploads\/2019\/04\/Ville-de-prague1-131x60.jpg 131w\" sizes=\"(max-width: 960px) 100vw, 960px\" \/><\/p>\n<p>L\u2019amour de \u00ab\u00a0my life\u00a0\u00bb m\u2019a offert ce voyage pour mon anniversaire l\u2019ann\u00e9e derni\u00e8re. Nous sommes partis au mois de juin. Il a choisi cette p\u00e9riode en pensant qu\u2019il allait faire beau et on esp\u00e9rait fortement avoir du \u00ab\u00a0sunshine\u00a0\u00bb. Sur les 4 jours, nous avons eu 2 jours de pluie et 2 jours de soleil. Un peu comme mon impression, le temps \u00e9tait mitig\u00e9. Je ne sais pas si c\u2019est \u00e0 cause de la pluie ou \u00e0 cause de l\u2019ambiance mais j\u2019ai moyennement appr\u00e9ci\u00e9 cette ville.\u00a0 J\u2019ai trouv\u00e9 les gens un peu froids et distants. Malgr\u00e9 tout, Prague est une ville tr\u00e8s riche tant au niveau de son histoire que de sa culture. Cela n\u2019enl\u00e8ve en rien \u00e0 sa beaut\u00e9, ses monuments sont magnifiques !<\/p>\n<p>Ou peut-\u00eatre j\u2019ai aussi pas trop appr\u00e9ci\u00e9 parce qu\u2019il m\u2019est arriv\u00e9 une gal\u00e8re le dernier jour qui au final m\u2019a laiss\u00e9 un arri\u00e8re go\u00fbt d\u2019amertume. J\u2019ai retir\u00e9 20 000 couronnes tch\u00e8ques au lieu de 2 000 couronnes tch\u00e8ques. Ce qui repr\u00e9sente 740\u20ac au lieu de 74\u20ac &#x1f641; LA CRISE !!! La mission apr\u00e8s pour chercher un bureau de change avec un taux raisonnable pour ne perdre trop d\u2019argent. On en a trouv\u00e9 un \u00e0 0% de taxe par contre la valeur \u00e9tait plus \u00e9lev\u00e9e. Au final j\u2019ai perdu 70\u20ac sur la totalit\u00e9.<\/p>\n<p>Avec du recul, je pense que je m\u2019en suis pas trop mal sortie. Sois vigilant(e) avec les distributeurs, dans mon souvenir les montants sont repr\u00e9sent\u00e9s de mani\u00e8res d\u00e9croissantes. Et puis la morale de cette histoire c\u2019est qu\u2019aujourd\u2019hui je peux te dire o\u00f9 tu peux \u00e9changer sans frais. Je ne pense pas que ce genre de p\u00e9rip\u00e9tie n\u2019arrive qu\u2019\u00e0 moi mais je dois t\u2019avouer qu\u2019il m\u2019est rest\u00e9 bien longtemps en travers la gorge, j\u2019\u00e9tais tr\u00e8s mal. J\u2019avais mal \u00e0 mes finances &#x1f600;<\/p>\n<p>On a quand m\u00eame trouv\u00e9 des trucs tr\u00e8s sympas \u00e0 faire. J\u2019ai aussi ador\u00e9 le quartier du ch\u00e2teau malgr\u00e9 la foule de touristes qui est pr\u00e9sente \u00e0 toute heure de la journ\u00e9e. Nous avons tout fait \u00e0 pied de notre logement. Nous n\u2019\u00e9tions qu\u2019\u00e0 10-15 minutes du centre ville. C\u2019est d\u2019ailleurs ce que je te recommande de faire. Prends de bonnes baskets et des chaussures plates pour le\u00a0 soir. Comme dans beaucoup de ville europ\u00e9enne, les rues sont pav\u00e9es du coup pour nous les filles c\u2019est super gal\u00e8re avec des talons ou \u00e9ventuellement des chaussures compens\u00e9es si tu pars en \u00e9t\u00e9. Bon c\u2019\u00e9tait ma minute \u00ab\u00a0Girly\u00a0\u00bb\u2026 &#x1f642;<\/p>\n<p>Pour en revenir \u00e0 mes bons plans voici les adresses qu\u2019on a rep\u00e9r\u00e9 avant de partir. Tu as \u00e0 ta dispo plusieurs restaurants, caf\u00e9s et supermarch\u00e9s. Nous y avons aussi mis des supers rooftops parce qu\u2019on adore \u00e7a !<\/p>\n<p>Ah oui le plus important, j\u2019ai oubli\u00e9 de te donner la traduction des c\u00e9r\u00e9ales contenant du gluten. Bon du coup le mot m\u00e9mo technique ne fonctionne plus ici mais c\u2019est toujours bon de savoir ce genre de chose avant de partir.<\/p>\n<p>\u2013 Sans gluten : bezlepkov\u00e9<br \/>\n\u2013 Seigle : <span lang=\"cs\">\u017eito<\/span><br \/>\n\u2013 Avoine : oves<br \/>\n\u2013 Bl\u00e9 : <span lang=\"cs\">p\u0161enice<\/span><br \/>\n\u2013 Boulgour : bulgur<br \/>\n\u2013 Orge : <span lang=\"cs\">je\u010dmen<\/span><br \/>\n\u2013 Triticale : Idem<\/p>\n<p><img loading=\"lazy\" class=\"alignnone size-full wp-image-55\" src=\"https:\/\/www.jusseo.com\/articles\/wp-content\/uploads\/2019\/04\/Ville-de-prague.jpg\" alt=\"Ville de prague\" width=\"960\" height=\"571\" srcset=\"https:\/\/www.jusseo.com\/articles\/wp-content\/uploads\/2019\/04\/Ville-de-prague.jpg 960w, https:\/\/www.jusseo.com\/articles\/wp-content\/uploads\/2019\/04\/Ville-de-prague-300x178.jpg 300w, https:\/\/www.jusseo.com\/articles\/wp-content\/uploads\/2019\/04\/Ville-de-prague-768x457.jpg 768w, https:\/\/www.jusseo.com\/articles\/wp-content\/uploads\/2019\/04\/Ville-de-prague-101x60.jpg 101w\" sizes=\"(max-width: 960px) 100vw, 960px\" \/><\/p>\n<h2><b><strong><span class=\"im\"><em>Quartier de STARE MESTRO, Prague<\/em><\/span><\/strong><\/b><\/h2>\n<p>A Star\u00e9 Mestro, tu seras au c\u0153ur de la vieille ville. On a l\u2019impression de faire un voyage dans le temps car la place centrale a su garder tous les vestiges du XIX \u00e8me si\u00e8cle. Pr\u00e8s du pont Charles, balade toi dans les ruelles de la cit\u00e9 m\u00e9di\u00e9vale, cela te permettras d\u2019\u00e9chapper \u00e0 la foule de touristes et d\u2019appr\u00e9cier pleinement la beaut\u00e9 des fa\u00e7ades baroques.<\/p>\n<p><em><strong><span class=\"im\">H\u00f4tel U Prince<\/span><\/strong><\/em><\/p>\n<p>Je vais te donner une petites astuces : j\u2019ai constat\u00e9 lors de mes voyages que beaucoup d\u2019h\u00f4tels proposent des options sans gluten. Alors lorsque autour de toi tu ne trouves rien \u00e0 te mettre sous la dent dirige toi vers un h\u00f4tel. En voici deux qui sont de surcro\u00eet magnifiques \u00e0 visiter.<\/p>\n<div><em><strong><span class=\"im\">Lehk\u00e0 hlava<\/span><\/strong><\/em><\/div>\n<div><em><span class=\"im\">Restaurant v\u00e9g\u00e9tarien<\/span><\/em><\/div>\n<div>Ce restaurant, \u00e0 la fois sans gluten et v\u00e9g\u00e9tarien, est tout simplement d\u00e9licieux ! Je te parle m\u00eame pas de la d\u00e9co ! Elle est trop styl\u00e9e ! Victime de son succ\u00e8s, nous avons eu un peu d\u2019attente car nous n\u2019avions pas r\u00e9serv\u00e9. Nous avons pris deux plats diff\u00e9rents et tous les 2 \u00e9taient \u00e0 tomber par terre. Je m\u2019en rappelle encore. Son passage est obligatoire !<\/div>\n<div><\/div>\n<div>\n<div><em><strong><span class=\"im\">Alriso<\/span><\/strong><\/em><\/div>\n<div><em><span class=\"im\">Restaurant italien<\/span><\/em><\/div>\n<div>\u00a0Alriso est un restaurant italien 100% sans gluten. Nous n\u2019avons pas eu l\u2019occasion d\u2019y faire un tour cela dit au vue des photos de leur site tout \u00e0 l\u2019air succulent. Je pense que \u00e7a vaut vraiment le d\u00e9tour !<\/div>\n<div><\/div>\n<\/div>\n<div><em><strong><span class=\"im\">Home Kitchen<\/span><\/strong><\/em><\/div>\n<div>Ce restaurant n\u2019est pas sans gluten mais il propose des plats qui ne contiennent pas de gluten comme par exemple une salade de quinoa, avocat, gorgonzola, poire et noix. La d\u00e9coration est un joli m\u00e9lange de bois et de verdure dans un style industriel.<\/div>\n<div><\/div>\n<div><em><strong><span class=\"im\">Sisters<\/span><\/strong><\/em><\/div>\n<div>\u00a0Ce petit bistro est id\u00e9al pour prendre un d\u00e9jeuner sur le pouce. Son menu est compos\u00e9 de tartine de tout genre et satisfera tous les go\u00fbts. Il y a la possibilit\u00e9 de demander \u00e0 ce que le pain soit sans gluten et \u00e7a sans suppl\u00e9ment !<\/div>\n<div><\/div>\n<div><em><strong><span class=\"im\">Pizza Nuova<\/span><\/strong><\/em><\/div>\n<div>Envie de p\u00e2tes ?! Dans ce restaurant, il existe un menu celiac friendly pasta, il suffit juste de demander !<\/div>\n<div><\/div>\n<div><em><strong><span class=\"im\">Mistral Caf\u00e9<\/span><\/strong><\/em><\/div>\n<div>Le Mistral Caf\u00e9 se trouve dans le centre historique du quartier juif de Prague. L\u2019atmosph\u00e8re est agr\u00e9able et confortable de quoi passer un bon moment pour se d\u00e9tendre. Il y a m\u00eame un espace pour les enfants. Ce caf\u00e9 fait aussi restaurant dont certains plats sont naturellement sans gluten.<\/div>\n<div><\/div>\n<div><em><strong><span class=\"im\">Tricafe<\/span><\/strong><\/em><\/div>\n<div>Nous avons fait une pause au Tricafe pour y prendre une boisson chaude et une bi\u00e8re pour Monsieur ! L\u2019endroit est super sympa. Tu peux venir prendre un d\u00e9jeuner sur le pouce ou te poser pour bosser. Ce n\u2019est pas tr\u00e8s grand ce qui rend l\u2019ambiance intimiste. Leur carte est compos\u00e9e de soupes ou de tartes bio v\u00e9g\u00e9tariennes.<\/div>\n<div><\/div>\n<div><em><strong><span class=\"im\">MyRaw Caf\u00e9<\/span><\/strong><\/em><\/div>\n<div>Je n\u2019ai pas mis les pieds dans ce petit caf\u00e9 mais d\u2019apr\u00e8s les images sur son site et les commentaires sur tripadvisor tout \u00e0 l\u2019air une tuerie ! Ce n\u2019est pas qu\u2019un caf\u00e9, tu peux aussi aller prendre ton p\u2019tit d\u00e9j ou te poser pour d\u00e9jeuner. Tout est vegan et sans gluten alors fais toi plaiz !<\/div>\n<div><\/div>\n<div><em><strong><span class=\"im\">Kavarna Obecni dum<\/span><\/strong><\/em><\/div>\n<div>Le Kavarna est sp\u00e9cialis\u00e9 dans les d\u00e9serts, g\u00e2teaux et p\u00e2tisseries maisons accompagn\u00e9s d\u2019un d\u00e9licieux caf\u00e9 ou th\u00e9. Tu as aussi la possibilit\u00e9 de d\u00e9jeuner sur place. Tous les allerg\u00e8nes sont indiqu\u00e9s sur son menu.<\/div>\n<div><\/div>\n<div><em><strong><span class=\"im\">Angelato<\/span><\/strong><\/em><\/div>\n<div>A n\u2019importe quelle p\u00e9riode de l\u2019ann\u00e9e, il est toujours agr\u00e9able de se manger une petite glace surtout quand la plupart sont sans gluten. Angelato poss\u00e8de une liste de tous les allerg\u00e8nes que contiennent ses glaces.<\/div>\n<div><\/div>\n<div><\/div>\n<div>\n<div><b><strong><span class=\"im\"><em>Les autres quartiers, Prague<\/em><\/span><\/strong><\/b><\/div>\n<div>Les autres quartiers de Prague concernent :<\/div>\n<ul>\n<li><span class=\"_5yl5\">Hole\u0161ovice<\/span> : le quartier artistique et branch\u00e9<\/li>\n<li><span class=\"_5yl5\">\u017di\u017ekov :<\/span> le quartier \u00e9tudiant et populaire<\/li>\n<li><span class=\"_5yl5\">Mal\u00e1 Strana<\/span> : le quartier aux airs de village<\/li>\n<li>Vinohrady : le quartier des familles bobos de Prague<\/li>\n<\/ul>\n<p>Aux alentours de ces diff\u00e9rents quartiers, il y a \u00e9norm\u00e9ment de parcs pour se balader et se promener.<\/p>\n<\/div>\n<div>\n<div><em><strong><span class=\"im\">Lavande<\/span><\/strong><\/em><\/div>\n<p>Le Lavande est avant tout un restaurant proposant une cuisine familiale dans une atmosph\u00e8re conviviale. Ce\u00a0 restaurant met l\u2019accent sur la qualit\u00e9 des mati\u00e8res premi\u00e8res et leur traitement. Il n\u2019utilise pas de conservateurs et leurs mati\u00e8res premi\u00e8res sont de qualit\u00e9. Son menu est bas\u00e9 sur des recettes principalement inspir\u00e9es de la cuisine fran\u00e7aise et italienne. Lors du choix d\u2019aliments, il pense aux c\u0153liaques et v\u00e9g\u00e9tariens pour qu\u2019ils puissent tous manger \u00e0 la m\u00eame table sans restriction.<\/p>\n<p><em><strong><span class=\"im\">Caf\u00e9 Savoy<\/span><\/strong><\/em><\/p>\n<p>Nous avons brunch\u00e9 au Caf\u00e9 Savoy ! Apr\u00e8s une bonne demi-heure d\u2019attente car nous n\u2019avions pas r\u00e9serv\u00e9, nous avons \u00e9t\u00e9 accueilli dans un cadre tr\u00e8s\u00a0 chaleureux. Le d\u00e9cor est magnifique \u00e0 l\u2019image de cette ville imp\u00e9riale. Nous avons eu l\u2019impression de faire un bond dans le temps et de partager un d\u00e9jeuner avec Sisi l\u2019Imp\u00e9ratrice. De plus, il est situ\u00e9 pr\u00e8s du Vlatava ce qui te permettra de faire une belle balade le long du fleuve pour dig\u00e9rer. Le Caf\u00e9 Savoy est tr\u00e8s c\u00f4t\u00e9, je te conseille de r\u00e9server ou d\u2019arriver avant 12h pour ne pas trop attendre.<\/p>\n<p><em><strong><span class=\"im\">Mash Hana<\/span><\/strong><\/em><\/p>\n<p>Parce que manger japonais en mettant la sauce soja de c\u00f4t\u00e9 est toujours une bonne alternative pour les \u00ab\u00a0Glutenautes\u00a0\u00bb comme nous alors voici une petite adresse situ\u00e9e dans le nord de la ville.<\/p>\n<p><em><strong><span class=\"im\">Pizza Letna<\/span><\/strong><\/em><\/p>\n<p>Dans cette pizzeria tu peux composer ta pizza sans gluten selon tes envies \u00e0 partir d\u2019ingr\u00e9dients frais et vari\u00e9s.<\/p>\n<p><em><strong><span class=\"im\">White and Crispy<\/span><\/strong><\/em><\/p>\n<p>White and Crispy est LA maison du sans gluten. Cette boulangerie \/ p\u00e2tisserie pr\u00e9pare que des produits sans gluten donc il n\u2019y a pas de risques de contamination pour les c\u0153liaques. White and Crispy utilise <span lang=\"fr\">des mati\u00e8res premi\u00e8res de qualit\u00e9 d\u2019origine italienne. Elle offre une large gamme de g\u00e2teaux, tartes, pains frais tous les jours (baguettes, baguettes de pain, morceaux). Sur demande, elle pr\u00e9pare plusieurs types de pizzas, lasagnes et g\u00e2teaux pour toutes les occasions.<\/span><\/p>\n<p><em><strong><span class=\"im\">The Farm Letna<\/span><\/strong><\/em><\/p>\n<p>Le Farm Letna est le caf\u00e9 id\u00e9al pour faire une petite pause syndicale avant de repartir vers le Stromovka ou le parc zoologique de Prague. Tu as aussi la possibilit\u00e9 de d\u00e9jeuner ou de go\u00fbter. Sa carte change tous les jours proposant des plats v\u00e9g\u00e9tariens ou sans gluten. Sa d\u00e9coration de v\u00e9los accroch\u00e9s au mur est on ne peut plus originale et ses tables en bois t\u2019envoient dans une ambiance foresti\u00e8re.<\/p>\n<p><em><strong><span class=\"im\">Muj slek kavy<\/span><\/strong><\/em><\/p>\n<p>Ce petit caf\u00e9 de style street art offre de succulents g\u00e2teaux sans gluten pour un go\u00fbter royal.<\/p>\n<p><em><strong><span class=\"im\">Havran Caf\u00e9<\/span><\/strong><\/em><\/p>\n<p>Je n\u2019ai pas eu l\u2019occasion de me rendre au Havran Caf\u00e9 mais d\u2019apr\u00e8s ce que j\u2019ai lu ils font le meilleur carrot cake sans gluten de la r\u00e9gion. Ils servent aussi des vari\u00e9t\u00e9s de soupes aux l\u00e9gumes. Tu m\u2019en diras des nouvelles !<\/p>\n<p>&nbsp;<\/p>\n<p>&nbsp;<\/p>\n<p>&nbsp;<\/p>\n<\/div>\n","protected":false},"excerpt":{"rendered":"<p>Je peux enfin dire que j\u2019ai fait toutes les villes imp\u00e9riales : Budapest, Vienne et Prague. Des trois villes, Prague a \u00e9t\u00e9 celle que j\u2019ai le moins appr\u00e9ci\u00e9. Mon coup &hellip; <\/p>\n","protected":false},"author":1,"featured_media":1529,"comment_status":"open","ping_status":"open","sticky":false,"template":"","format":"chat","meta":[],"categories":[51],"tags":[],"yoast_head":"<!-- This site is optimized with the Yoast SEO plugin v19.0 - https:\/\/yoast.com\/wordpress\/plugins\/seo\/ -->\n<title>Les bons plans pour partir dans la ville de prague en r\u00e9publique tch\u00e8que<\/title>\n<meta name=\"robots\" content=\"index, follow, max-snippet:-1, max-image-preview:large, max-video-preview:-1\" \/>\n<link rel=\"canonical\" href=\"https:\/\/www.jusseo.com\/articles\/partir-a-prague.html\" \/>\n<meta property=\"og:locale\" content=\"fr_FR\" \/>\n<meta property=\"og:type\" content=\"article\" \/>\n<meta property=\"og:title\" content=\"Les bons plans pour partir dans la ville de prague en r\u00e9publique tch\u00e8que\" \/>\n<meta property=\"og:description\" content=\"Je peux enfin dire que j\u2019ai fait toutes les villes imp\u00e9riales : Budapest, Vienne et Prague. Des trois villes, Prague a \u00e9t\u00e9 celle que j\u2019ai le moins appr\u00e9ci\u00e9. Mon coup &hellip;\" \/>\n<meta property=\"og:url\" content=\"https:\/\/www.jusseo.com\/articles\/partir-a-prague.html\" \/>\n<meta property=\"og:site_name\" content=\"Les Articles Jusseo\" \/>\n<meta property=\"article:published_time\" content=\"2019-04-02T13:17:46+00:00\" \/>\n<meta property=\"og:image\" content=\"https:\/\/www.jusseo.com\/articles\/wp-content\/uploads\/2019\/04\/Ville-de-prague2.jpg\" \/>\n\t<meta property=\"og:image:width\" content=\"960\" \/>\n\t<meta property=\"og:image:height\" content=\"668\" \/>\n\t<meta property=\"og:image:type\" content=\"image\/jpeg\" \/>\n<meta name=\"twitter:card\" content=\"summary_large_image\" \/>\n<meta name=\"twitter:label1\" content=\"\u00c9crit par\" \/>\n\t<meta name=\"twitter:data1\" content=\"Jusseo\" \/>\n\t<meta name=\"twitter:label2\" content=\"Dur\u00e9e de lecture estim\u00e9e\" \/>\n\t<meta name=\"twitter:data2\" content=\"9 minutes\" \/>\n<script type=\"application\/ld+json\" class=\"yoast-schema-graph\">{\"@context\":\"https:\/\/schema.org\",\"@graph\":[{\"@type\":\"WebSite\",\"@id\":\"https:\/\/www.jusseo.com\/articles\/#website\",\"url\":\"https:\/\/www.jusseo.com\/articles\/\",\"name\":\"Les Articles Jusseo\",\"description\":\"Des centaines d&#039;articles rien que pour vous !\",\"publisher\":{\"@id\":\"https:\/\/www.jusseo.com\/articles\/#\/schema\/person\/20e937212459663e95623425e8746b68\"},\"potentialAction\":[{\"@type\":\"SearchAction\",\"target\":{\"@type\":\"EntryPoint\",\"urlTemplate\":\"https:\/\/www.jusseo.com\/articles\/?s={search_term_string}\"},\"query-input\":\"required name=search_term_string\"}],\"inLanguage\":\"fr-FR\"},{\"@type\":\"ImageObject\",\"inLanguage\":\"fr-FR\",\"@id\":\"https:\/\/www.jusseo.com\/articles\/partir-a-prague.html#primaryimage\",\"url\":\"https:\/\/www.jusseo.com\/articles\/wp-content\/uploads\/2019\/04\/Ville-de-prague2.jpg\",\"contentUrl\":\"https:\/\/www.jusseo.com\/articles\/wp-content\/uploads\/2019\/04\/Ville-de-prague2.jpg\",\"width\":960,\"height\":668,\"caption\":\"Ville de prague\"},{\"@type\":\"WebPage\",\"@id\":\"https:\/\/www.jusseo.com\/articles\/partir-a-prague.html#webpage\",\"url\":\"https:\/\/www.jusseo.com\/articles\/partir-a-prague.html\",\"name\":\"Les bons plans pour partir dans la ville de prague en r\u00e9publique tch\u00e8que\",\"isPartOf\":{\"@id\":\"https:\/\/www.jusseo.com\/articles\/#website\"},\"primaryImageOfPage\":{\"@id\":\"https:\/\/www.jusseo.com\/articles\/partir-a-prague.html#primaryimage\"},\"datePublished\":\"2019-04-02T13:17:46+00:00\",\"dateModified\":\"2019-04-02T13:17:46+00:00\",\"breadcrumb\":{\"@id\":\"https:\/\/www.jusseo.com\/articles\/partir-a-prague.html#breadcrumb\"},\"inLanguage\":\"fr-FR\",\"potentialAction\":[{\"@type\":\"ReadAction\",\"target\":[\"https:\/\/www.jusseo.com\/articles\/partir-a-prague.html\"]}]},{\"@type\":\"BreadcrumbList\",\"@id\":\"https:\/\/www.jusseo.com\/articles\/partir-a-prague.html#breadcrumb\",\"itemListElement\":[{\"@type\":\"ListItem\",\"position\":1,\"name\":\"Accueil\",\"item\":\"https:\/\/www.jusseo.com\/articles\"},{\"@type\":\"ListItem\",\"position\":2,\"name\":\"Partir a Prague\"}]},{\"@type\":\"Article\",\"@id\":\"https:\/\/www.jusseo.com\/articles\/partir-a-prague.html#article\",\"isPartOf\":{\"@id\":\"https:\/\/www.jusseo.com\/articles\/partir-a-prague.html#webpage\"},\"author\":{\"@id\":\"https:\/\/www.jusseo.com\/articles\/#\/schema\/person\/20e937212459663e95623425e8746b68\"},\"headline\":\"Partir a Prague\",\"datePublished\":\"2019-04-02T13:17:46+00:00\",\"dateModified\":\"2019-04-02T13:17:46+00:00\",\"mainEntityOfPage\":{\"@id\":\"https:\/\/www.jusseo.com\/articles\/partir-a-prague.html#webpage\"},\"wordCount\":1861,\"commentCount\":0,\"publisher\":{\"@id\":\"https:\/\/www.jusseo.com\/articles\/#\/schema\/person\/20e937212459663e95623425e8746b68\"},\"image\":{\"@id\":\"https:\/\/www.jusseo.com\/articles\/partir-a-prague.html#primaryimage\"},\"thumbnailUrl\":\"https:\/\/www.jusseo.com\/articles\/wp-content\/uploads\/2019\/04\/Ville-de-prague2.jpg\",\"articleSection\":[\"R\u00e9publique Tch\u00e8que\"],\"inLanguage\":\"fr-FR\",\"potentialAction\":[{\"@type\":\"CommentAction\",\"name\":\"Comment\",\"target\":[\"https:\/\/www.jusseo.com\/articles\/partir-a-prague.html#respond\"]}]},{\"@type\":[\"Person\",\"Organization\"],\"@id\":\"https:\/\/www.jusseo.com\/articles\/#\/schema\/person\/20e937212459663e95623425e8746b68\",\"name\":\"Jusseo\",\"image\":{\"@type\":\"ImageObject\",\"inLanguage\":\"fr-FR\",\"@id\":\"https:\/\/www.jusseo.com\/articles\/#\/schema\/person\/image\/\",\"url\":\"https:\/\/secure.gravatar.com\/avatar\/ff83255559370ab4947519ed406c3340?s=96&d=wavatar&r=g\",\"contentUrl\":\"https:\/\/secure.gravatar.com\/avatar\/ff83255559370ab4947519ed406c3340?s=96&d=wavatar&r=g\",\"caption\":\"Jusseo\"},\"logo\":{\"@id\":\"https:\/\/www.jusseo.com\/articles\/#\/schema\/person\/image\/\"}}]}<\/script>\n<!-- \/ Yoast SEO plugin. -->","yoast_head_json":{"title":"Les bons plans pour partir dans la ville de prague en r\u00e9publique tch\u00e8que","robots":{"index":"index","follow":"follow","max-snippet":"max-snippet:-1","max-image-preview":"max-image-preview:large","max-video-preview":"max-video-preview:-1"},"canonical":"https:\/\/www.jusseo.com\/articles\/partir-a-prague.html","og_locale":"fr_FR","og_type":"article","og_title":"Les bons plans pour partir dans la ville de prague en r\u00e9publique tch\u00e8que","og_description":"Je peux enfin dire que j\u2019ai fait toutes les villes imp\u00e9riales : Budapest, Vienne et Prague. Des trois villes, Prague a \u00e9t\u00e9 celle que j\u2019ai le moins appr\u00e9ci\u00e9. Mon coup &hellip;","og_url":"https:\/\/www.jusseo.com\/articles\/partir-a-prague.html","og_site_name":"Les Articles Jusseo","article_published_time":"2019-04-02T13:17:46+00:00","og_image":[{"width":960,"height":668,"url":"https:\/\/www.jusseo.com\/articles\/wp-content\/uploads\/2019\/04\/Ville-de-prague2.jpg","type":"image\/jpeg"}],"twitter_card":"summary_large_image","twitter_misc":{"\u00c9crit par":"Jusseo","Dur\u00e9e de lecture estim\u00e9e":"9 minutes"},"schema":{"@context":"https:\/\/schema.org","@graph":[{"@type":"WebSite","@id":"https:\/\/www.jusseo.com\/articles\/#website","url":"https:\/\/www.jusseo.com\/articles\/","name":"Les Articles Jusseo","description":"Des centaines d&#039;articles rien que pour vous !","publisher":{"@id":"https:\/\/www.jusseo.com\/articles\/#\/schema\/person\/20e937212459663e95623425e8746b68"},"potentialAction":[{"@type":"SearchAction","target":{"@type":"EntryPoint","urlTemplate":"https:\/\/www.jusseo.com\/articles\/?s={search_term_string}"},"query-input":"required name=search_term_string"}],"inLanguage":"fr-FR"},{"@type":"ImageObject","inLanguage":"fr-FR","@id":"https:\/\/www.jusseo.com\/articles\/partir-a-prague.html#primaryimage","url":"https:\/\/www.jusseo.com\/articles\/wp-content\/uploads\/2019\/04\/Ville-de-prague2.jpg","contentUrl":"https:\/\/www.jusseo.com\/articles\/wp-content\/uploads\/2019\/04\/Ville-de-prague2.jpg","width":960,"height":668,"caption":"Ville de prague"},{"@type":"WebPage","@id":"https:\/\/www.jusseo.com\/articles\/partir-a-prague.html#webpage","url":"https:\/\/www.jusseo.com\/articles\/partir-a-prague.html","name":"Les bons plans pour partir dans la ville de prague en r\u00e9publique tch\u00e8que","isPartOf":{"@id":"https:\/\/www.jusseo.com\/articles\/#website"},"primaryImageOfPage":{"@id":"https:\/\/www.jusseo.com\/articles\/partir-a-prague.html#primaryimage"},"datePublished":"2019-04-02T13:17:46+00:00","dateModified":"2019-04-02T13:17:46+00:00","breadcrumb":{"@id":"https:\/\/www.jusseo.com\/articles\/partir-a-prague.html#breadcrumb"},"inLanguage":"fr-FR","potentialAction":[{"@type":"ReadAction","target":["https:\/\/www.jusseo.com\/articles\/partir-a-prague.html"]}]},{"@type":"BreadcrumbList","@id":"https:\/\/www.jusseo.com\/articles\/partir-a-prague.html#breadcrumb","itemListElement":[{"@type":"ListItem","position":1,"name":"Accueil","item":"https:\/\/www.jusseo.com\/articles"},{"@type":"ListItem","position":2,"name":"Partir a Prague"}]},{"@type":"Article","@id":"https:\/\/www.jusseo.com\/articles\/partir-a-prague.html#article","isPartOf":{"@id":"https:\/\/www.jusseo.com\/articles\/partir-a-prague.html#webpage"},"author":{"@id":"https:\/\/www.jusseo.com\/articles\/#\/schema\/person\/20e937212459663e95623425e8746b68"},"headline":"Partir a Prague","datePublished":"2019-04-02T13:17:46+00:00","dateModified":"2019-04-02T13:17:46+00:00","mainEntityOfPage":{"@id":"https:\/\/www.jusseo.com\/articles\/partir-a-prague.html#webpage"},"wordCount":1861,"commentCount":0,"publisher":{"@id":"https:\/\/www.jusseo.com\/articles\/#\/schema\/person\/20e937212459663e95623425e8746b68"},"image":{"@id":"https:\/\/www.jusseo.com\/articles\/partir-a-prague.html#primaryimage"},"thumbnailUrl":"https:\/\/www.jusseo.com\/articles\/wp-content\/uploads\/2019\/04\/Ville-de-prague2.jpg","articleSection":["R\u00e9publique Tch\u00e8que"],"inLanguage":"fr-FR","potentialAction":[{"@type":"CommentAction","name":"Comment","target":["https:\/\/www.jusseo.com\/articles\/partir-a-prague.html#respond"]}]},{"@type":["Person","Organization"],"@id":"https:\/\/www.jusseo.com\/articles\/#\/schema\/person\/20e937212459663e95623425e8746b68","name":"Jusseo","image":{"@type":"ImageObject","inLanguage":"fr-FR","@id":"https:\/\/www.jusseo.com\/articles\/#\/schema\/person\/image\/","url":"https:\/\/secure.gravatar.com\/avatar\/ff83255559370ab4947519ed406c3340?s=96&d=wavatar&r=g","contentUrl":"https:\/\/secure.gravatar.com\/avatar\/ff83255559370ab4947519ed406c3340?s=96&d=wavatar&r=g","caption":"Jusseo"},"logo":{"@id":"https:\/\/www.jusseo.com\/articles\/#\/schema\/person\/image\/"}}]}},"_links":{"self":[{"href":"https:\/\/www.jusseo.com\/articles\/wp-json\/wp\/v2\/posts\/1540"}],"collection":[{"href":"https:\/\/www.jusseo.com\/articles\/wp-json\/wp\/v2\/posts"}],"about":[{"href":"https:\/\/www.jusseo.com\/articles\/wp-json\/wp\/v2\/types\/post"}],"author":[{"embeddable":true,"href":"https:\/\/www.jusseo.com\/articles\/wp-json\/wp\/v2\/users\/1"}],"replies":[{"embeddable":true,"href":"https:\/\/www.jusseo.com\/articles\/wp-json\/wp\/v2\/comments?post=1540"}],"version-history":[{"count":0,"href":"https:\/\/www.jusseo.com\/articles\/wp-json\/wp\/v2\/posts\/1540\/revisions"}],"wp:featuredmedia":[{"embeddable":true,"href":"https:\/\/www.jusseo.com\/articles\/wp-json\/wp\/v2\/media\/1529"}],"wp:attachment":[{"href":"https:\/\/www.jusseo.com\/articles\/wp-json\/wp\/v2\/media?parent=1540"}],"wp:term":[{"taxonomy":"category","embeddable":true,"href":"https:\/\/www.jusseo.com\/articles\/wp-json\/wp\/v2\/categories?post=1540"},{"taxonomy":"post_tag","embeddable":true,"href":"https:\/\/www.jusseo.com\/articles\/wp-json\/wp\/v2\/tags?post=1540"}],"curies":[{"name":"wp","href":"https:\/\/api.w.org\/{rel}","templated":true}]}}