{"id":499,"date":"2020-09-25T13:37:41","date_gmt":"2020-09-25T13:37:41","guid":{"rendered":"https:\/\/leguide.jusseo.com\/?p=499"},"modified":"2021-02-09T11:20:21","modified_gmt":"2021-02-09T11:20:21","slug":"tendance-provencale-ou-le-soleil-dans-son-habitat","status":"publish","type":"post","link":"https:\/\/www.jusseo.com\/articles\/tendance-provencale-ou-le-soleil-dans-son-habitat.html","title":{"rendered":"Tendance proven\u00e7ale ou le soleil dans son habitat !"},"content":{"rendered":"<p>&nbsp;<\/p>\n<div>\n<p><b>Baign\u00e9e d\u2019un soleil de midi, elle sent bon la garrigue et la lavande, se pare de couleurs chaudes et d\u2019objets authentiques\u2026 La d\u00e9coration proven\u00e7ale s\u2019invite dans nos int\u00e9rieurs et nous am\u00e8ne un petit air de printemps.<\/b><\/p>\n<p><b>Une envie de soleil<\/b><\/p>\n<p>Ah la garrigue, la lavande, le chant des cigales\u2026 Qui ne r\u00eave au printemps venu d\u2019un petit mas de campagne o\u00f9 baigne une douce lumi\u00e8re et o\u00f9 l\u2019on peut tranquillement faire la sieste \u00e0 l\u2019ombre d\u2019un olivier ?<\/p>\n<p>Que l\u2019on ait la chance d\u2019avoir un petit mas de cocagne dans le Midi ou que l\u2019on soit priv\u00e9 de cette \u00e9chapp\u00e9e estivale, la d\u00e9coration, elle, est \u00e0 la port\u00e9e de tous, et chacun pourra se faire son petit coin de Provence dans son chez soi. Car la Provence est dans tous les c\u0153urs, il suffit de lui ouvrir sa porte, et grand ses fen\u00eatres, pour qu\u2019elle se refl\u00e8te dans le plus parisien des appartements.<\/p>\n<p><b>Des couleurs chaudes et des tons estivaux<\/b><\/p>\n<p>La tendance proven\u00e7ale, c\u2019est avant tout un ensemble de couleurs chaudes, dans une palette allant de l\u2019ocre au jaune et rouge et des pointes de bleu lavande et de vert olive. La Provence ne serait sans doute que l\u2019ombre d\u2019elle-m\u00eame sans son soleil g\u00e9n\u00e9reux et le bleu intense de son ciel. C\u2019est \u00e0 leur contact que les couleurs prennent un \u00e9clat si intense et si gai.<\/p>\n<p>On opte donc pour des couleurs vives et chaudes, avec des teintes fortes comme l\u2019ocre, le bleu oc\u00e9an et le vert olive, ainsi que toute la palette de tons allant du jaune au rouge. Comme l\u2019explique Robert Gervais dans son ouvrage \u201cProvence, l\u2019art des maisons\u201d, ces couleurs ont une origine g\u00e9ographique, d\u00fb aux carri\u00e8res d\u2019ocre de Roussillon : \u201cLes gisements d\u2019ocre des carri\u00e8res de Roussillon dans le Vaucluse produisent des pigments qui colorent peintures, pl\u00e2tres et chaux. Utilis\u00e9es tant lors des r\u00e9novations que dans les constructions r\u00e9centes, les couleurs forment un nuancier d\u2019ocre, de jaune, de rouge, de blanc pur\u201d.<\/p>\n<p>Appr\u00e9ci\u00e9s aussi pour les murs et les tissus, les cama\u00efeux de blancs, de beige et de gris se d\u00e9clinent dans des mati\u00e8res naturelles, telles que le coton, le lin ou la chaux.<\/p>\n<h2><b>Des mati\u00e8res naturelles : bois, fer forg\u00e9, chaux et pierres<\/b><\/h2>\n<p>Fort de ses artisanats nombreux et anciens, la Provence prodigue une architecture riche en mat\u00e9riaux naturels travaill\u00e9s. Des tomettes rouge \u00e0 la chaux blanche, du bois peint au murs de restanque, la nature a pourvu les demeures d\u2019une multitude de mati\u00e8res, travaill\u00e9es ensuite par des mains expertes.<\/p>\n<p>Pour les murs, le sol et les meubles, privil\u00e9giez donc des mati\u00e8res telles que le bois, la pierre, le fer forg\u00e9 et m\u00eame l\u2019osier. Dans le domaine des menuiseries, les bois \u00e0 privil\u00e9gier sont, comme nous l\u2019indique Robert Gervais, \u201cle pin, le ch\u00eane, l\u2019orme et le noyer\u201d. La chaux est aussi un produit tr\u00e8s utilis\u00e9 dans les demeures proven\u00e7ales et appr\u00e9ci\u00e9 pour ses qualit\u00e9s assainissantes.<\/p>\n<p>Au sol, on retrouve bien entendu toute une vari\u00e9t\u00e9 de carrelages en terre cuite, de formes et de couleurs variables, dont les plus connues sont sans doute les tomettes rouges octogonales. Enfin, le fer forg\u00e9 est une des fiert\u00e9s de l\u2019artisanat local. On l\u2019utilise aussi bien pour les poign\u00e9es de porte, les loquets, les arr\u00eats de volet, les grillages et les rampes d\u2019escalier, que pour orner le mobilier.<\/p>\n<p><b>Meubles et accessoires proven\u00e7aux<\/b><\/p>\n<p>L\u2019int\u00e9rieur des maisons m\u00e9ridionnales est empreint d\u2019authenticit\u00e9. Meubles, poteries et objets divers semblent l\u00e9gu\u00e9s de g\u00e9n\u00e9ration en g\u00e9n\u00e9ration et sont comme patin\u00e9s par le temps. L\u2019artisanat r\u00e9gional offre une multitude de meubles et d\u2019objets typiques qui, \u00e0 eux seuls, impr\u00e8gneront les pi\u00e8ces d\u2019une atmosph\u00e8re toute proven\u00e7ale.<\/p>\n<p><b>Un important patrimoine mobilier<\/b><\/p>\n<p>C\u2019est toute une palette de meubles et d\u2019objets qui s\u2019offre \u00e0 vous pour cr\u00e9er une ambiance de Provence. Leur liste est longue, comme le note Robert Gervais : <i>\u201cors et peinture, paillages, cannages, grillages, couvertures d\u2019indiennes, piqu\u00e9s et boutis, meubles peints ou en noyer, le tout compl\u00e9t\u00e9 par les fa\u00efences et les verriers qui apportent leurs notes toujours vivantes, appartiennent au patrimoine mobilier d\u2019une famille proven\u00e7ale.\u201d<\/i><\/p>\n<p>Larges tables en bois ou en fer forg\u00e9, commodes et buffets de famille en bois peint, chaises en osier ou bancs de pierre\u2026 Tous ces \u00e9l\u00e9ments se retrouvent dans un int\u00e9rieur proven\u00e7al. <i>\u201cCe qui r\u00e9jouit l\u2019\u00e2me dans les lieux de r\u00e9ception d\u2019une bastide, ce sont les coloris et la g\u00e9n\u00e9rosit\u00e9 de la nature partout pr\u00e9sente, qui invitent \u00e0 un d\u00e9paysement int\u00e9rieur. Le style du XVIIIe si\u00e8cle est l\u00e0, avec ses rinceaux, coquilles, roses, lauriers, acanthes, oliviers, tournesols aux formes \u00e9tourdissantes, et jusque dans les bois aux essences de noyer et d\u2019amarante\u201d<\/i>.<\/p>\n<p>A la cuisine, c\u2019est toute une panoplie d\u2019argenterie, de poteries et de fa\u00efence qui impose un style incomparable. <i>\u201cLa vaisselle n\u2019est pas en reste : jarres, amphores et tians, fabrications utilitaires rouge, jaune ou vertes, c\u00f4toient d\u2019exceptionnelles pi\u00e8ces du XVIIe si\u00e8cle \u00e0 nos jours, qu\u2019elles soient d\u2019Aubagne, d\u2019Apt, de Biot, de Dieulefit, de Moustiers ou d\u2019Uz\u00e8s, verniss\u00e9es ou \u00e9maill\u00e9es, souvent mises sur les tables.\u201d<\/i><\/p>\n<p><b>Cotonnades et boutis<\/b><\/p>\n<p>Dessus de lit, rideaux, nappes et coussins sont des \u00e9l\u00e9ments incontournables d\u2019une d\u00e9coration proven\u00e7ale. On les choisis color\u00e9s ou naturels, mais toujours authentiques. <i>\u201cLes cotonnades imprim\u00e9es, percales ou indiennes sont devenues la marque d\u2019une provencialit\u00e9 enjou\u00e9e, o\u00f9 les motifs fleuris savent offrir aux maisons les plantes que la nature violente de l\u2019\u00e9t\u00e9 leur refuse. <\/i><\/p>\n<p>Des semis stylis\u00e9s ou fleuris et des cotonnades aux coloris unis ou blancs donnent le ton \u00e0 ces mariages de style. Autour des ouvertures, cotonnades unies, m\u00e9tis bayad\u00e8res, lins \u201ctomb\u00e9s de m\u00e9tier\u201d tissent des int\u00e9rieurs rev\u00eatus d\u2019une douceur naturelle.\u201d<\/p>\n<p><b>Accessoires et senteurs<\/b><\/p>\n<p>Plaisir des yeux, mais aussi plaisirs des sens, les ar\u00f4mes tiennent une place importante dans le Midi. Quelques poteries emplies de lavande ou d\u2019aromates signeront la d\u00e9coration et lui donneront un peu plus de corps. <i>\u201cDes collines aux champs, des jardins aux cuisines, chaque cueillette proven\u00e7ale est un concert olfactif. Santoline, romarin, thyms puissants, lauriers, gen\u00e9vriers secrets et lavande enivrante poussent en rangs serr\u00e9s pour mieux se r\u00e9v\u00e9ler\u201d<\/i>.<\/p>\n<p><b>Tendance proven\u00e7ale : en savoir plus<\/b><\/p>\n<p>Insufflez un air de Provence \u00e0 votre int\u00e9rieur en jouant sur les couleurs et les mati\u00e8res, et chinez, r\u00e9cup\u00e9rez, brocantez pour d\u00e9nicher meubles et accessoires qui donneront de l\u2019authenticit\u00e9 \u00e0 votre d\u00e9coration !<\/p>\n<p>Artisans et magasins sp\u00e9cialis\u00e9s seront vos alli\u00e9s dans votre recherche : Provence &amp; Fils, C\u00f4t\u00e9 Bastide, les poteries Ravel, Souleiado et Souleo font partie de ces adresses bien connues des adeptes du style.<\/p>\n<p>Et, pour prolonger la d\u00e9couverte et en savoir plus sur l\u2019art des mas et bastides de Provence, feuilletez l\u2019ouvrage \u201cProvence, l\u2019art des maisons\u201d : une mine de renseignements, de d\u00e9cryptage et de conseils pratiques pour cr\u00e9er une d\u00e9coration proven\u00e7ale.<\/p>\n<p><b>\u201cProvence, l\u2019art des maisons\u201d<\/b> de Robert Gervais, photographies de Fr\u00e9d\u00e9ric Ducout<br \/>\naux \u00e9ditions Ouest-France<\/p>\n<p><b>Caract\u00e9ristiques :<\/b> 120 pages &#8211; <b>Prix :<\/b> 30 euros<\/p>\n<\/div>\n","protected":false},"excerpt":{"rendered":"<p>&nbsp; Baign\u00e9e d\u2019un soleil de midi, elle sent bon la garrigue et la lavande, se pare de couleurs chaudes et d\u2019objets authentiques\u2026 La d\u00e9coration proven\u00e7ale s\u2019invite dans nos int\u00e9rieurs et &hellip; <\/p>\n","protected":false},"author":1,"featured_media":504,"comment_status":"open","ping_status":"open","sticky":false,"template":"","format":"standard","meta":[],"categories":[36],"tags":[],"yoast_head":"<!-- This site is optimized with the Yoast SEO plugin v19.0 - https:\/\/yoast.com\/wordpress\/plugins\/seo\/ -->\n<title>Tendance proven\u00e7ale ou le soleil dans son habitat ! - Les Articles Jusseo<\/title>\n<meta name=\"robots\" content=\"index, follow, max-snippet:-1, max-image-preview:large, max-video-preview:-1\" \/>\n<link rel=\"canonical\" href=\"https:\/\/www.jusseo.com\/articles\/tendance-provencale-ou-le-soleil-dans-son-habitat.html\" \/>\n<meta property=\"og:locale\" content=\"fr_FR\" \/>\n<meta property=\"og:type\" content=\"article\" \/>\n<meta property=\"og:title\" content=\"Tendance proven\u00e7ale ou le soleil dans son habitat ! - Les Articles Jusseo\" \/>\n<meta property=\"og:description\" content=\"&nbsp; Baign\u00e9e d\u2019un soleil de midi, elle sent bon la garrigue et la lavande, se pare de couleurs chaudes et d\u2019objets authentiques\u2026 La d\u00e9coration proven\u00e7ale s\u2019invite dans nos int\u00e9rieurs et &hellip;\" \/>\n<meta property=\"og:url\" content=\"https:\/\/www.jusseo.com\/articles\/tendance-provencale-ou-le-soleil-dans-son-habitat.html\" \/>\n<meta property=\"og:site_name\" content=\"Les Articles Jusseo\" \/>\n<meta property=\"article:published_time\" content=\"2020-09-25T13:37:41+00:00\" \/>\n<meta property=\"article:modified_time\" content=\"2021-02-09T11:20:21+00:00\" \/>\n<meta name=\"twitter:card\" content=\"summary_large_image\" \/>\n<meta name=\"twitter:label1\" content=\"\u00c9crit par\" \/>\n\t<meta name=\"twitter:data1\" content=\"Jusseo\" \/>\n\t<meta name=\"twitter:label2\" content=\"Dur\u00e9e de lecture estim\u00e9e\" \/>\n\t<meta name=\"twitter:data2\" content=\"6 minutes\" \/>\n<script type=\"application\/ld+json\" class=\"yoast-schema-graph\">{\"@context\":\"https:\/\/schema.org\",\"@graph\":[{\"@type\":\"WebSite\",\"@id\":\"https:\/\/www.jusseo.com\/articles\/#website\",\"url\":\"https:\/\/www.jusseo.com\/articles\/\",\"name\":\"Les Articles Jusseo\",\"description\":\"Des centaines d&#039;articles rien que pour vous !\",\"publisher\":{\"@id\":\"https:\/\/www.jusseo.com\/articles\/#\/schema\/person\/20e937212459663e95623425e8746b68\"},\"potentialAction\":[{\"@type\":\"SearchAction\",\"target\":{\"@type\":\"EntryPoint\",\"urlTemplate\":\"https:\/\/www.jusseo.com\/articles\/?s={search_term_string}\"},\"query-input\":\"required name=search_term_string\"}],\"inLanguage\":\"fr-FR\"},{\"@type\":\"ImageObject\",\"inLanguage\":\"fr-FR\",\"@id\":\"https:\/\/www.jusseo.com\/articles\/tendance-provencale-ou-le-soleil-dans-son-habitat.html#primaryimage\",\"url\":\"\",\"contentUrl\":\"\"},{\"@type\":\"WebPage\",\"@id\":\"https:\/\/www.jusseo.com\/articles\/tendance-provencale-ou-le-soleil-dans-son-habitat.html#webpage\",\"url\":\"https:\/\/www.jusseo.com\/articles\/tendance-provencale-ou-le-soleil-dans-son-habitat.html\",\"name\":\"Tendance proven\u00e7ale ou le soleil dans son habitat ! - Les Articles Jusseo\",\"isPartOf\":{\"@id\":\"https:\/\/www.jusseo.com\/articles\/#website\"},\"primaryImageOfPage\":{\"@id\":\"https:\/\/www.jusseo.com\/articles\/tendance-provencale-ou-le-soleil-dans-son-habitat.html#primaryimage\"},\"datePublished\":\"2020-09-25T13:37:41+00:00\",\"dateModified\":\"2021-02-09T11:20:21+00:00\",\"breadcrumb\":{\"@id\":\"https:\/\/www.jusseo.com\/articles\/tendance-provencale-ou-le-soleil-dans-son-habitat.html#breadcrumb\"},\"inLanguage\":\"fr-FR\",\"potentialAction\":[{\"@type\":\"ReadAction\",\"target\":[\"https:\/\/www.jusseo.com\/articles\/tendance-provencale-ou-le-soleil-dans-son-habitat.html\"]}]},{\"@type\":\"BreadcrumbList\",\"@id\":\"https:\/\/www.jusseo.com\/articles\/tendance-provencale-ou-le-soleil-dans-son-habitat.html#breadcrumb\",\"itemListElement\":[{\"@type\":\"ListItem\",\"position\":1,\"name\":\"Accueil\",\"item\":\"https:\/\/www.jusseo.com\/articles\"},{\"@type\":\"ListItem\",\"position\":2,\"name\":\"Tendance proven\u00e7ale ou le soleil dans son habitat !\"}]},{\"@type\":\"Article\",\"@id\":\"https:\/\/www.jusseo.com\/articles\/tendance-provencale-ou-le-soleil-dans-son-habitat.html#article\",\"isPartOf\":{\"@id\":\"https:\/\/www.jusseo.com\/articles\/tendance-provencale-ou-le-soleil-dans-son-habitat.html#webpage\"},\"author\":{\"@id\":\"https:\/\/www.jusseo.com\/articles\/#\/schema\/person\/20e937212459663e95623425e8746b68\"},\"headline\":\"Tendance proven\u00e7ale ou le soleil dans son habitat !\",\"datePublished\":\"2020-09-25T13:37:41+00:00\",\"dateModified\":\"2021-02-09T11:20:21+00:00\",\"mainEntityOfPage\":{\"@id\":\"https:\/\/www.jusseo.com\/articles\/tendance-provencale-ou-le-soleil-dans-son-habitat.html#webpage\"},\"wordCount\":1294,\"commentCount\":0,\"publisher\":{\"@id\":\"https:\/\/www.jusseo.com\/articles\/#\/schema\/person\/20e937212459663e95623425e8746b68\"},\"image\":{\"@id\":\"https:\/\/www.jusseo.com\/articles\/tendance-provencale-ou-le-soleil-dans-son-habitat.html#primaryimage\"},\"thumbnailUrl\":\"\",\"articleSection\":[\"D\u00e9coration\"],\"inLanguage\":\"fr-FR\",\"potentialAction\":[{\"@type\":\"CommentAction\",\"name\":\"Comment\",\"target\":[\"https:\/\/www.jusseo.com\/articles\/tendance-provencale-ou-le-soleil-dans-son-habitat.html#respond\"]}]},{\"@type\":[\"Person\",\"Organization\"],\"@id\":\"https:\/\/www.jusseo.com\/articles\/#\/schema\/person\/20e937212459663e95623425e8746b68\",\"name\":\"Jusseo\",\"image\":{\"@type\":\"ImageObject\",\"inLanguage\":\"fr-FR\",\"@id\":\"https:\/\/www.jusseo.com\/articles\/#\/schema\/person\/image\/\",\"url\":\"https:\/\/secure.gravatar.com\/avatar\/ff83255559370ab4947519ed406c3340?s=96&d=wavatar&r=g\",\"contentUrl\":\"https:\/\/secure.gravatar.com\/avatar\/ff83255559370ab4947519ed406c3340?s=96&d=wavatar&r=g\",\"caption\":\"Jusseo\"},\"logo\":{\"@id\":\"https:\/\/www.jusseo.com\/articles\/#\/schema\/person\/image\/\"}}]}<\/script>\n<!-- \/ Yoast SEO plugin. -->","yoast_head_json":{"title":"Tendance proven\u00e7ale ou le soleil dans son habitat ! - Les Articles Jusseo","robots":{"index":"index","follow":"follow","max-snippet":"max-snippet:-1","max-image-preview":"max-image-preview:large","max-video-preview":"max-video-preview:-1"},"canonical":"https:\/\/www.jusseo.com\/articles\/tendance-provencale-ou-le-soleil-dans-son-habitat.html","og_locale":"fr_FR","og_type":"article","og_title":"Tendance proven\u00e7ale ou le soleil dans son habitat ! - Les Articles Jusseo","og_description":"&nbsp; Baign\u00e9e d\u2019un soleil de midi, elle sent bon la garrigue et la lavande, se pare de couleurs chaudes et d\u2019objets authentiques\u2026 La d\u00e9coration proven\u00e7ale s\u2019invite dans nos int\u00e9rieurs et &hellip;","og_url":"https:\/\/www.jusseo.com\/articles\/tendance-provencale-ou-le-soleil-dans-son-habitat.html","og_site_name":"Les Articles Jusseo","article_published_time":"2020-09-25T13:37:41+00:00","article_modified_time":"2021-02-09T11:20:21+00:00","twitter_card":"summary_large_image","twitter_misc":{"\u00c9crit par":"Jusseo","Dur\u00e9e de lecture estim\u00e9e":"6 minutes"},"schema":{"@context":"https:\/\/schema.org","@graph":[{"@type":"WebSite","@id":"https:\/\/www.jusseo.com\/articles\/#website","url":"https:\/\/www.jusseo.com\/articles\/","name":"Les Articles Jusseo","description":"Des centaines d&#039;articles rien que pour vous !","publisher":{"@id":"https:\/\/www.jusseo.com\/articles\/#\/schema\/person\/20e937212459663e95623425e8746b68"},"potentialAction":[{"@type":"SearchAction","target":{"@type":"EntryPoint","urlTemplate":"https:\/\/www.jusseo.com\/articles\/?s={search_term_string}"},"query-input":"required name=search_term_string"}],"inLanguage":"fr-FR"},{"@type":"ImageObject","inLanguage":"fr-FR","@id":"https:\/\/www.jusseo.com\/articles\/tendance-provencale-ou-le-soleil-dans-son-habitat.html#primaryimage","url":"","contentUrl":""},{"@type":"WebPage","@id":"https:\/\/www.jusseo.com\/articles\/tendance-provencale-ou-le-soleil-dans-son-habitat.html#webpage","url":"https:\/\/www.jusseo.com\/articles\/tendance-provencale-ou-le-soleil-dans-son-habitat.html","name":"Tendance proven\u00e7ale ou le soleil dans son habitat ! - Les Articles Jusseo","isPartOf":{"@id":"https:\/\/www.jusseo.com\/articles\/#website"},"primaryImageOfPage":{"@id":"https:\/\/www.jusseo.com\/articles\/tendance-provencale-ou-le-soleil-dans-son-habitat.html#primaryimage"},"datePublished":"2020-09-25T13:37:41+00:00","dateModified":"2021-02-09T11:20:21+00:00","breadcrumb":{"@id":"https:\/\/www.jusseo.com\/articles\/tendance-provencale-ou-le-soleil-dans-son-habitat.html#breadcrumb"},"inLanguage":"fr-FR","potentialAction":[{"@type":"ReadAction","target":["https:\/\/www.jusseo.com\/articles\/tendance-provencale-ou-le-soleil-dans-son-habitat.html"]}]},{"@type":"BreadcrumbList","@id":"https:\/\/www.jusseo.com\/articles\/tendance-provencale-ou-le-soleil-dans-son-habitat.html#breadcrumb","itemListElement":[{"@type":"ListItem","position":1,"name":"Accueil","item":"https:\/\/www.jusseo.com\/articles"},{"@type":"ListItem","position":2,"name":"Tendance proven\u00e7ale ou le soleil dans son habitat !"}]},{"@type":"Article","@id":"https:\/\/www.jusseo.com\/articles\/tendance-provencale-ou-le-soleil-dans-son-habitat.html#article","isPartOf":{"@id":"https:\/\/www.jusseo.com\/articles\/tendance-provencale-ou-le-soleil-dans-son-habitat.html#webpage"},"author":{"@id":"https:\/\/www.jusseo.com\/articles\/#\/schema\/person\/20e937212459663e95623425e8746b68"},"headline":"Tendance proven\u00e7ale ou le soleil dans son habitat !","datePublished":"2020-09-25T13:37:41+00:00","dateModified":"2021-02-09T11:20:21+00:00","mainEntityOfPage":{"@id":"https:\/\/www.jusseo.com\/articles\/tendance-provencale-ou-le-soleil-dans-son-habitat.html#webpage"},"wordCount":1294,"commentCount":0,"publisher":{"@id":"https:\/\/www.jusseo.com\/articles\/#\/schema\/person\/20e937212459663e95623425e8746b68"},"image":{"@id":"https:\/\/www.jusseo.com\/articles\/tendance-provencale-ou-le-soleil-dans-son-habitat.html#primaryimage"},"thumbnailUrl":"","articleSection":["D\u00e9coration"],"inLanguage":"fr-FR","potentialAction":[{"@type":"CommentAction","name":"Comment","target":["https:\/\/www.jusseo.com\/articles\/tendance-provencale-ou-le-soleil-dans-son-habitat.html#respond"]}]},{"@type":["Person","Organization"],"@id":"https:\/\/www.jusseo.com\/articles\/#\/schema\/person\/20e937212459663e95623425e8746b68","name":"Jusseo","image":{"@type":"ImageObject","inLanguage":"fr-FR","@id":"https:\/\/www.jusseo.com\/articles\/#\/schema\/person\/image\/","url":"https:\/\/secure.gravatar.com\/avatar\/ff83255559370ab4947519ed406c3340?s=96&d=wavatar&r=g","contentUrl":"https:\/\/secure.gravatar.com\/avatar\/ff83255559370ab4947519ed406c3340?s=96&d=wavatar&r=g","caption":"Jusseo"},"logo":{"@id":"https:\/\/www.jusseo.com\/articles\/#\/schema\/person\/image\/"}}]}},"_links":{"self":[{"href":"https:\/\/www.jusseo.com\/articles\/wp-json\/wp\/v2\/posts\/499"}],"collection":[{"href":"https:\/\/www.jusseo.com\/articles\/wp-json\/wp\/v2\/posts"}],"about":[{"href":"https:\/\/www.jusseo.com\/articles\/wp-json\/wp\/v2\/types\/post"}],"author":[{"embeddable":true,"href":"https:\/\/www.jusseo.com\/articles\/wp-json\/wp\/v2\/users\/1"}],"replies":[{"embeddable":true,"href":"https:\/\/www.jusseo.com\/articles\/wp-json\/wp\/v2\/comments?post=499"}],"version-history":[{"count":2,"href":"https:\/\/www.jusseo.com\/articles\/wp-json\/wp\/v2\/posts\/499\/revisions"}],"predecessor-version":[{"id":1280,"href":"https:\/\/www.jusseo.com\/articles\/wp-json\/wp\/v2\/posts\/499\/revisions\/1280"}],"wp:featuredmedia":[{"embeddable":true,"href":"https:\/\/www.jusseo.com\/articles\/wp-json\/"}],"wp:attachment":[{"href":"https:\/\/www.jusseo.com\/articles\/wp-json\/wp\/v2\/media?parent=499"}],"wp:term":[{"taxonomy":"category","embeddable":true,"href":"https:\/\/www.jusseo.com\/articles\/wp-json\/wp\/v2\/categories?post=499"},{"taxonomy":"post_tag","embeddable":true,"href":"https:\/\/www.jusseo.com\/articles\/wp-json\/wp\/v2\/tags?post=499"}],"curies":[{"name":"wp","href":"https:\/\/api.w.org\/{rel}","templated":true}]}}